{"id":210,"date":"2017-11-03T10:30:07","date_gmt":"2017-11-03T09:30:07","guid":{"rendered":"https:\/\/ffarma.it\/farmacia6\/?p=210"},"modified":"2017-11-14T18:25:24","modified_gmt":"2017-11-14T17:25:24","slug":"infanzia","status":"publish","type":"post","link":"https:\/\/ffarma.it\/farmacia3\/infanzia\/","title":{"rendered":"Infanzia"},"content":{"rendered":"<p>L&#8217;infanzia rappresenta la fase della vita durante la quale si mettono le basi per la corretta formazione di un individuo sano.<\/p>\n<p>E&#8217; l&#8217;et\u00e0, infatti, in cui si sviluppano un insieme di schemi sui quali si fonda la propria identit\u00e0, il modo di relazionarsi agli altri e di percepire la realt\u00e0 in risposta all&#8217;ambiente.<\/p>\n<p>Un bambino, soprattutto durante i primi mesi di vita, ha necessit\u00e0 di attenzioni costanti, a partire dalla cura della pelle, fino ad arrivare al nutrimento e al gioco.<\/p>\n<p>Proprio per questo, nella nostra farmacia, abbiamo voluto dedicare ampio spazio al reparto prima infanzia, mettendo anche a disposizione un angolo dedicato all&#8217;intrattenimento dei piccoli bimbi e offriamo un&#8217;ampia scelta di prodotti certificati, di sicura provenienza ed in continua promozione, per accompagnare la mamma durante il percorso della gravidanza, della nascita prima e della crescita poi del bambino.<\/p>\n<p>Il nostro team di esperti \u00e8 a disposizione per suggerire la soluzione pi\u00f9 adatta a te e al tuo bambino.<\/p>\n","protected":false},"excerpt":{"rendered":"<p>L&#8217;infanzia rappresenta la fase della vita durante la quale si mettono le basi per la corretta formazione di un individuo<\/p>\n","protected":false},"author":1,"featured_media":211,"comment_status":"closed","ping_status":"closed","sticky":false,"template":"","format":"standard","meta":{"footnotes":""},"categories":[10],"tags":[],"class_list":["post-210","post","type-post","status-publish","format-standard","has-post-thumbnail","hentry","category-reparti"],"jetpack_featured_media_url":"https:\/\/ffarma.it\/farmacia3\/wp-content\/uploads\/sites\/20\/2017\/11\/infanzia.jpg","_links":{"self":[{"href":"https:\/\/ffarma.it\/farmacia3\/wp-json\/wp\/v2\/posts\/210","targetHints":{"allow":["GET"]}}],"collection":[{"href":"https:\/\/ffarma.it\/farmacia3\/wp-json\/wp\/v2\/posts"}],"about":[{"href":"https:\/\/ffarma.it\/farmacia3\/wp-json\/wp\/v2\/types\/post"}],"author":[{"embeddable":true,"href":"https:\/\/ffarma.it\/farmacia3\/wp-json\/wp\/v2\/users\/1"}],"replies":[{"embeddable":true,"href":"https:\/\/ffarma.it\/farmacia3\/wp-json\/wp\/v2\/comments?post=210"}],"version-history":[{"count":3,"href":"https:\/\/ffarma.it\/farmacia3\/wp-json\/wp\/v2\/posts\/210\/revisions"}],"predecessor-version":[{"id":482,"href":"https:\/\/ffarma.it\/farmacia3\/wp-json\/wp\/v2\/posts\/210\/revisions\/482"}],"wp:featuredmedia":[{"embeddable":true,"href":"https:\/\/ffarma.it\/farmacia3\/wp-json\/wp\/v2\/media\/211"}],"wp:attachment":[{"href":"https:\/\/ffarma.it\/farmacia3\/wp-json\/wp\/v2\/media?parent=210"}],"wp:term":[{"taxonomy":"category","embeddable":true,"href":"https:\/\/ffarma.it\/farmacia3\/wp-json\/wp\/v2\/categories?post=210"},{"taxonomy":"post_tag","embeddable":true,"href":"https:\/\/ffarma.it\/farmacia3\/wp-json\/wp\/v2\/tags?post=210"}],"curies":[{"name":"wp","href":"https:\/\/api.w.org\/{rel}","templated":true}]}}